{"id":630,"date":"2019-07-22T16:38:57","date_gmt":"2019-07-22T16:38:57","guid":{"rendered":"http:\/\/reiseblog.wbeyersdorf.de\/?p=630"},"modified":"2019-07-30T19:58:16","modified_gmt":"2019-07-30T19:58:16","slug":"kreuzfahrt-ostsee-danzig","status":"publish","type":"post","link":"http:\/\/reiseblog.wbeyersdorf.de\/?p=630","title":{"rendered":"Kreuzfahrt Ostsee, Tag 3, Danzig"},"content":{"rendered":"\n<p>Nach einem Seetag liefen wir am fr\u00fchen Morgen in Gdingen ein. Kreuzfahrtschiffe legen statt in Danzig in Gdingen an. Dieser Ort l\u00e4dt nicht unbedingt zum l\u00e4ngeren Verweilen ein, deshalb fahren viele Besucher nach Danzig weiter.<\/p>\n\n\n\n<!--more-->\n\n\n\n<p>Am Kai warteten schon zahlreiche Busse auf die vielen Kreuzfahrtg\u00e4ste, die gebuchte Landausfl\u00fcge unternehmen wollte. Wir entschieden uns schon im Vorfeld der Reise f\u00fcr einen Ganztagesausflug nach Danzig.<\/p>\n\n\n\n<figure class=\"wp-block-image\"><a href=\"http:\/\/reiseblog.wbeyersdorf.de\/wp-content\/uploads\/2019\/07\/Danzig_01.jpg\"><img loading=\"lazy\" decoding=\"async\" width=\"800\" height=\"533\" src=\"http:\/\/reiseblog.wbeyersdorf.de\/wp-content\/uploads\/2019\/07\/Danzig_01.jpg\" alt=\"\" class=\"wp-image-418\" srcset=\"http:\/\/reiseblog.wbeyersdorf.de\/wp-content\/uploads\/2019\/07\/Danzig_01.jpg 800w, http:\/\/reiseblog.wbeyersdorf.de\/wp-content\/uploads\/2019\/07\/Danzig_01-400x267.jpg 400w, http:\/\/reiseblog.wbeyersdorf.de\/wp-content\/uploads\/2019\/07\/Danzig_01-300x200.jpg 300w, http:\/\/reiseblog.wbeyersdorf.de\/wp-content\/uploads\/2019\/07\/Danzig_01-100x67.jpg 100w\" sizes=\"auto, (max-width: 767px) 89vw, (max-width: 1000px) 54vw, (max-width: 1071px) 543px, 580px\" \/><\/a><figcaption>Einfahrt nach Gdingen<\/figcaption><\/figure>\n\n\n\n<figure class=\"wp-block-image\"><a href=\"http:\/\/reiseblog.wbeyersdorf.de\/wp-content\/uploads\/2019\/07\/Danzig_02.jpg\"><img loading=\"lazy\" decoding=\"async\" width=\"618\" height=\"800\" src=\"http:\/\/reiseblog.wbeyersdorf.de\/wp-content\/uploads\/2019\/07\/Danzig_02.jpg\" alt=\"\" class=\"wp-image-419\" srcset=\"http:\/\/reiseblog.wbeyersdorf.de\/wp-content\/uploads\/2019\/07\/Danzig_02.jpg 618w, http:\/\/reiseblog.wbeyersdorf.de\/wp-content\/uploads\/2019\/07\/Danzig_02-309x400.jpg 309w, http:\/\/reiseblog.wbeyersdorf.de\/wp-content\/uploads\/2019\/07\/Danzig_02-232x300.jpg 232w, http:\/\/reiseblog.wbeyersdorf.de\/wp-content\/uploads\/2019\/07\/Danzig_02-77x100.jpg 77w\" sizes=\"auto, (max-width: 618px) 100vw, 618px\" \/><\/a><\/figure>\n\n\n\n<p>Nach einer etwa halbst\u00fcndigen Fahrt erreichte der Bus Danzig. Unsere Reisef\u00fchrerin versorgte die Teilnehmer der F\u00fchrung ununterbrochen mit Informationen. Manchmal w\u00fcnschten wir uns, sie w\u00fcrde wenigstens mal Luft holen&#8230;<\/p>\n\n\n\n<figure class=\"wp-block-image\"><img loading=\"lazy\" decoding=\"async\" width=\"800\" height=\"533\" src=\"http:\/\/reiseblog.wbeyersdorf.de\/wp-content\/uploads\/2019\/07\/Danzig_03.jpg\" alt=\"\" class=\"wp-image-420\" srcset=\"http:\/\/reiseblog.wbeyersdorf.de\/wp-content\/uploads\/2019\/07\/Danzig_03.jpg 800w, http:\/\/reiseblog.wbeyersdorf.de\/wp-content\/uploads\/2019\/07\/Danzig_03-400x267.jpg 400w, http:\/\/reiseblog.wbeyersdorf.de\/wp-content\/uploads\/2019\/07\/Danzig_03-300x200.jpg 300w, http:\/\/reiseblog.wbeyersdorf.de\/wp-content\/uploads\/2019\/07\/Danzig_03-100x67.jpg 100w\" sizes=\"auto, (max-width: 767px) 89vw, (max-width: 1000px) 54vw, (max-width: 1071px) 543px, 580px\" \/><\/figure>\n\n\n\n<p>Danzig hat eine bewegte Geschichte hinter sich. So geh\u00f6rte die mit 460.000 Einwohnern sechstgr\u00f6\u00dfte Stadt Polens lange Zeit auch zu Preu\u00dfen.<br>Gegen Ende des zweiten Weltkriegs wurde die Innenstadt in Folge der Kriegshandlungen fast v\u00f6llig zerst\u00f6rt.<br>W\u00e4hrend und nach dem Einmarsch wurden die noch erhaltenen H\u00e4user der Innenstadt von sowjetischen Soldaten gepl\u00fcndert und in Brand  gesteckt. In der gesamten  Danziger historischen Innenstadt gab es einen Verlust an Bausubstanz von etwa 90 Prozent.<br>In der Nachkriegszeit wurden aber weite Teile der Innenstadt wieder aufgebaut und rekonstruiert. So ist die Altstadt heute wundersch\u00f6n und eine Reise wert.<\/p>\n\n\n\n<ul class=\"wp-block-gallery columns-2 is-cropped wp-block-gallery-1 is-layout-flex wp-block-gallery-is-layout-flex\"><li class=\"blocks-gallery-item\"><figure><a href=\"http:\/\/reiseblog.wbeyersdorf.de\/wp-content\/uploads\/2019\/07\/Danzig_04.jpg\"><img loading=\"lazy\" decoding=\"async\" width=\"800\" height=\"533\" src=\"http:\/\/reiseblog.wbeyersdorf.de\/wp-content\/uploads\/2019\/07\/Danzig_04.jpg\" alt=\"\" data-id=\"421\" data-link=\"http:\/\/reiseblog.wbeyersdorf.de\/?attachment_id=421\" class=\"wp-image-421\" srcset=\"http:\/\/reiseblog.wbeyersdorf.de\/wp-content\/uploads\/2019\/07\/Danzig_04.jpg 800w, http:\/\/reiseblog.wbeyersdorf.de\/wp-content\/uploads\/2019\/07\/Danzig_04-400x267.jpg 400w, http:\/\/reiseblog.wbeyersdorf.de\/wp-content\/uploads\/2019\/07\/Danzig_04-300x200.jpg 300w, http:\/\/reiseblog.wbeyersdorf.de\/wp-content\/uploads\/2019\/07\/Danzig_04-100x67.jpg 100w\" sizes=\"auto, (max-width: 767px) 89vw, (max-width: 1000px) 54vw, (max-width: 1071px) 543px, 580px\" \/><\/a><\/figure><\/li><li class=\"blocks-gallery-item\"><figure><a href=\"http:\/\/reiseblog.wbeyersdorf.de\/wp-content\/uploads\/2019\/07\/Danzig_06.jpg\"><img loading=\"lazy\" decoding=\"async\" width=\"800\" height=\"533\" src=\"http:\/\/reiseblog.wbeyersdorf.de\/wp-content\/uploads\/2019\/07\/Danzig_06.jpg\" alt=\"\" data-id=\"423\" data-link=\"http:\/\/reiseblog.wbeyersdorf.de\/?attachment_id=423\" class=\"wp-image-423\" srcset=\"http:\/\/reiseblog.wbeyersdorf.de\/wp-content\/uploads\/2019\/07\/Danzig_06.jpg 800w, http:\/\/reiseblog.wbeyersdorf.de\/wp-content\/uploads\/2019\/07\/Danzig_06-400x267.jpg 400w, http:\/\/reiseblog.wbeyersdorf.de\/wp-content\/uploads\/2019\/07\/Danzig_06-300x200.jpg 300w, http:\/\/reiseblog.wbeyersdorf.de\/wp-content\/uploads\/2019\/07\/Danzig_06-100x67.jpg 100w\" sizes=\"auto, (max-width: 767px) 89vw, (max-width: 1000px) 54vw, (max-width: 1071px) 543px, 580px\" \/><\/a><\/figure><\/li><li class=\"blocks-gallery-item\"><figure><a href=\"http:\/\/reiseblog.wbeyersdorf.de\/wp-content\/uploads\/2019\/07\/Danzig_07.jpg\"><img loading=\"lazy\" decoding=\"async\" width=\"800\" height=\"533\" src=\"http:\/\/reiseblog.wbeyersdorf.de\/wp-content\/uploads\/2019\/07\/Danzig_07.jpg\" alt=\"\" data-id=\"424\" data-link=\"http:\/\/reiseblog.wbeyersdorf.de\/?attachment_id=424\" class=\"wp-image-424\" srcset=\"http:\/\/reiseblog.wbeyersdorf.de\/wp-content\/uploads\/2019\/07\/Danzig_07.jpg 800w, http:\/\/reiseblog.wbeyersdorf.de\/wp-content\/uploads\/2019\/07\/Danzig_07-400x267.jpg 400w, http:\/\/reiseblog.wbeyersdorf.de\/wp-content\/uploads\/2019\/07\/Danzig_07-300x200.jpg 300w, http:\/\/reiseblog.wbeyersdorf.de\/wp-content\/uploads\/2019\/07\/Danzig_07-100x67.jpg 100w\" sizes=\"auto, (max-width: 767px) 89vw, (max-width: 1000px) 54vw, (max-width: 1071px) 543px, 580px\" \/><\/a><\/figure><\/li><li class=\"blocks-gallery-item\"><figure><a href=\"http:\/\/reiseblog.wbeyersdorf.de\/wp-content\/uploads\/2019\/07\/Danzig_08.jpg\"><img loading=\"lazy\" decoding=\"async\" width=\"800\" height=\"533\" src=\"http:\/\/reiseblog.wbeyersdorf.de\/wp-content\/uploads\/2019\/07\/Danzig_08.jpg\" alt=\"\" data-id=\"425\" data-link=\"http:\/\/reiseblog.wbeyersdorf.de\/?attachment_id=425\" class=\"wp-image-425\" srcset=\"http:\/\/reiseblog.wbeyersdorf.de\/wp-content\/uploads\/2019\/07\/Danzig_08.jpg 800w, http:\/\/reiseblog.wbeyersdorf.de\/wp-content\/uploads\/2019\/07\/Danzig_08-400x267.jpg 400w, http:\/\/reiseblog.wbeyersdorf.de\/wp-content\/uploads\/2019\/07\/Danzig_08-300x200.jpg 300w, http:\/\/reiseblog.wbeyersdorf.de\/wp-content\/uploads\/2019\/07\/Danzig_08-100x67.jpg 100w\" sizes=\"auto, (max-width: 767px) 89vw, (max-width: 1000px) 54vw, (max-width: 1071px) 543px, 580px\" \/><\/a><\/figure><\/li><li class=\"blocks-gallery-item\"><figure><a href=\"http:\/\/reiseblog.wbeyersdorf.de\/wp-content\/uploads\/2019\/07\/Danzig_09.jpg\"><img loading=\"lazy\" decoding=\"async\" width=\"800\" height=\"533\" src=\"http:\/\/reiseblog.wbeyersdorf.de\/wp-content\/uploads\/2019\/07\/Danzig_09.jpg\" alt=\"\" data-id=\"426\" data-link=\"http:\/\/reiseblog.wbeyersdorf.de\/?attachment_id=426\" class=\"wp-image-426\" srcset=\"http:\/\/reiseblog.wbeyersdorf.de\/wp-content\/uploads\/2019\/07\/Danzig_09.jpg 800w, http:\/\/reiseblog.wbeyersdorf.de\/wp-content\/uploads\/2019\/07\/Danzig_09-400x267.jpg 400w, http:\/\/reiseblog.wbeyersdorf.de\/wp-content\/uploads\/2019\/07\/Danzig_09-300x200.jpg 300w, http:\/\/reiseblog.wbeyersdorf.de\/wp-content\/uploads\/2019\/07\/Danzig_09-100x67.jpg 100w\" sizes=\"auto, (max-width: 767px) 89vw, (max-width: 1000px) 54vw, (max-width: 1071px) 543px, 580px\" \/><\/a><\/figure><\/li><li class=\"blocks-gallery-item\"><figure><a href=\"http:\/\/reiseblog.wbeyersdorf.de\/wp-content\/uploads\/2019\/07\/Danzig_10.jpg\"><img loading=\"lazy\" decoding=\"async\" width=\"800\" height=\"533\" src=\"http:\/\/reiseblog.wbeyersdorf.de\/wp-content\/uploads\/2019\/07\/Danzig_10.jpg\" alt=\"\" data-id=\"427\" data-link=\"http:\/\/reiseblog.wbeyersdorf.de\/?attachment_id=427\" class=\"wp-image-427\" srcset=\"http:\/\/reiseblog.wbeyersdorf.de\/wp-content\/uploads\/2019\/07\/Danzig_10.jpg 800w, http:\/\/reiseblog.wbeyersdorf.de\/wp-content\/uploads\/2019\/07\/Danzig_10-400x267.jpg 400w, http:\/\/reiseblog.wbeyersdorf.de\/wp-content\/uploads\/2019\/07\/Danzig_10-300x200.jpg 300w, http:\/\/reiseblog.wbeyersdorf.de\/wp-content\/uploads\/2019\/07\/Danzig_10-100x67.jpg 100w\" sizes=\"auto, (max-width: 767px) 89vw, (max-width: 1000px) 54vw, (max-width: 1071px) 543px, 580px\" \/><\/a><\/figure><\/li><li class=\"blocks-gallery-item\"><figure><a href=\"http:\/\/reiseblog.wbeyersdorf.de\/wp-content\/uploads\/2019\/07\/Danzig_11.jpg\"><img loading=\"lazy\" decoding=\"async\" width=\"800\" height=\"533\" src=\"http:\/\/reiseblog.wbeyersdorf.de\/wp-content\/uploads\/2019\/07\/Danzig_11.jpg\" alt=\"\" data-id=\"428\" data-link=\"http:\/\/reiseblog.wbeyersdorf.de\/?attachment_id=428\" class=\"wp-image-428\" srcset=\"http:\/\/reiseblog.wbeyersdorf.de\/wp-content\/uploads\/2019\/07\/Danzig_11.jpg 800w, http:\/\/reiseblog.wbeyersdorf.de\/wp-content\/uploads\/2019\/07\/Danzig_11-400x267.jpg 400w, http:\/\/reiseblog.wbeyersdorf.de\/wp-content\/uploads\/2019\/07\/Danzig_11-300x200.jpg 300w, http:\/\/reiseblog.wbeyersdorf.de\/wp-content\/uploads\/2019\/07\/Danzig_11-100x67.jpg 100w\" sizes=\"auto, (max-width: 767px) 89vw, (max-width: 1000px) 54vw, (max-width: 1071px) 543px, 580px\" \/><\/a><\/figure><\/li><\/ul>\n\n\n\n<p> <\/p>\n","protected":false},"excerpt":{"rendered":"<p>Nach einem Seetag liefen wir am fr\u00fchen Morgen in Gdingen ein. Kreuzfahrtschiffe legen statt in Danzig in Gdingen an. Dieser Ort l\u00e4dt nicht unbedingt zum l\u00e4ngeren Verweilen ein, deshalb fahren viele Besucher nach Danzig weiter.<\/p>\n","protected":false},"author":1,"featured_media":422,"comment_status":"open","ping_status":"open","sticky":false,"template":"","format":"standard","meta":{"footnotes":""},"categories":[49,48,8],"tags":[45,29,30],"class_list":["post-630","post","type-post","status-publish","format-standard","has-post-thumbnail","hentry","category-49","category-kreuzfahrt-ostsee","category-urlaub","tag-danzig","tag-kreuzfahrt","tag-ostsee"],"_links":{"self":[{"href":"http:\/\/reiseblog.wbeyersdorf.de\/index.php?rest_route=\/wp\/v2\/posts\/630","targetHints":{"allow":["GET"]}}],"collection":[{"href":"http:\/\/reiseblog.wbeyersdorf.de\/index.php?rest_route=\/wp\/v2\/posts"}],"about":[{"href":"http:\/\/reiseblog.wbeyersdorf.de\/index.php?rest_route=\/wp\/v2\/types\/post"}],"author":[{"embeddable":true,"href":"http:\/\/reiseblog.wbeyersdorf.de\/index.php?rest_route=\/wp\/v2\/users\/1"}],"replies":[{"embeddable":true,"href":"http:\/\/reiseblog.wbeyersdorf.de\/index.php?rest_route=%2Fwp%2Fv2%2Fcomments&post=630"}],"version-history":[{"count":6,"href":"http:\/\/reiseblog.wbeyersdorf.de\/index.php?rest_route=\/wp\/v2\/posts\/630\/revisions"}],"predecessor-version":[{"id":693,"href":"http:\/\/reiseblog.wbeyersdorf.de\/index.php?rest_route=\/wp\/v2\/posts\/630\/revisions\/693"}],"wp:featuredmedia":[{"embeddable":true,"href":"http:\/\/reiseblog.wbeyersdorf.de\/index.php?rest_route=\/wp\/v2\/media\/422"}],"wp:attachment":[{"href":"http:\/\/reiseblog.wbeyersdorf.de\/index.php?rest_route=%2Fwp%2Fv2%2Fmedia&parent=630"}],"wp:term":[{"taxonomy":"category","embeddable":true,"href":"http:\/\/reiseblog.wbeyersdorf.de\/index.php?rest_route=%2Fwp%2Fv2%2Fcategories&post=630"},{"taxonomy":"post_tag","embeddable":true,"href":"http:\/\/reiseblog.wbeyersdorf.de\/index.php?rest_route=%2Fwp%2Fv2%2Ftags&post=630"}],"curies":[{"name":"wp","href":"https:\/\/api.w.org\/{rel}","templated":true}]}}