{"id":1917,"date":"2022-08-31T13:18:00","date_gmt":"2022-08-31T11:18:00","guid":{"rendered":"http:\/\/reiseblog.wbeyersdorf.de\/?p=1917"},"modified":"2022-08-31T13:15:01","modified_gmt":"2022-08-31T11:15:01","slug":"via-claudia-augusta-tag-3-kalterer-see-bozen-und-meran","status":"publish","type":"post","link":"http:\/\/reiseblog.wbeyersdorf.de\/?p=1917","title":{"rendered":"Via Claudia Augusta, Tag 3 \u2013 Kalterer See, Bozen und Meran"},"content":{"rendered":"\n<p>Nachdem auch am 3. Tag unserer Radreise auf der Via Claudia Augusta von Verona nach Stegaurach wieder Temperaturen nahe der 40\u00b0C zu erwarten waren, sa\u00dfen wir schon wieder vor 7 Uhr auf den Satteln unserer R\u00e4der. <br>Die angenehmen Temperaturen um diese fr\u00fche Uhrzeit waren eine Wohltat, so konnten wir wenigstens die ersten Stunden bei nicht so anstrengenden klimatischen Bedingungen vorw\u00e4rts kommen.<\/p>\n\n\n\n<p>Ein Merkmal der Via Claudia Augusta sind die zahlreichen Bicigrils und auch sonstigen Rastpl\u00e4tze. Fast schon vorbildlich ist der bei dem Ort <strong>Salurn <\/strong>zu nennen, der nicht nur sch\u00f6n aussieht, sondern auch mit allerlei praktischen Sachen ausgestattet ist. So gibt es neben Frischwasser auch einen interaktiven Bildschirm, dem man einige interessante Fakten entlocken kann.<\/p>\n\n\n\n<figure class=\"wp-block-image size-full is-resized\"><a href=\"http:\/\/reiseblog.wbeyersdorf.de\/wp-content\/uploads\/2022\/08\/VCA_3_060.jpg\"><img loading=\"lazy\" decoding=\"async\" src=\"http:\/\/reiseblog.wbeyersdorf.de\/wp-content\/uploads\/2022\/08\/VCA_3_060.jpg\" alt=\"\" class=\"wp-image-1802\" width=\"1125\" height=\"844\" srcset=\"http:\/\/reiseblog.wbeyersdorf.de\/wp-content\/uploads\/2022\/08\/VCA_3_060.jpg 1500w, http:\/\/reiseblog.wbeyersdorf.de\/wp-content\/uploads\/2022\/08\/VCA_3_060-300x225.jpg 300w, http:\/\/reiseblog.wbeyersdorf.de\/wp-content\/uploads\/2022\/08\/VCA_3_060-400x300.jpg 400w, http:\/\/reiseblog.wbeyersdorf.de\/wp-content\/uploads\/2022\/08\/VCA_3_060-100x75.jpg 100w\" sizes=\"auto, (max-width: 767px) 89vw, (max-width: 1000px) 54vw, (max-width: 1071px) 543px, 580px\" \/><\/a><figcaption>Rastplatz bei Salurn<\/figcaption><\/figure>\n\n\n\n<p>Die ersten 30 Kilometer waren landschaftlich nicht ganz so reizvoll, ging es doch haupts\u00e4chlich auf einem Damm der Etsch entlang. Auch schl\u00e4ngelte sich der Radweg nicht, so wie noch am gestrigen Tag, zwischen den Weinanbaufl\u00e4chen entlang.<\/p>\n\n\n\n<p>Darum waren wir froh, als wir bei <strong>Auer <\/strong>vom Radweg abwichen und den Weg zum <strong>Kalterer See<\/strong> einschlugen.<\/p>\n\n\n\n<figure class=\"wp-block-image size-large is-resized\"><a href=\"http:\/\/reiseblog.wbeyersdorf.de\/wp-content\/uploads\/2022\/08\/VCA_3_100.jpg\"><img loading=\"lazy\" decoding=\"async\" src=\"http:\/\/reiseblog.wbeyersdorf.de\/wp-content\/uploads\/2022\/08\/VCA_3_100-1125x1500.jpg\" alt=\"\" class=\"wp-image-1803\" width=\"844\" height=\"1125\" srcset=\"http:\/\/reiseblog.wbeyersdorf.de\/wp-content\/uploads\/2022\/08\/VCA_3_100-1125x1500.jpg 1125w, http:\/\/reiseblog.wbeyersdorf.de\/wp-content\/uploads\/2022\/08\/VCA_3_100-225x300.jpg 225w, http:\/\/reiseblog.wbeyersdorf.de\/wp-content\/uploads\/2022\/08\/VCA_3_100-300x400.jpg 300w, http:\/\/reiseblog.wbeyersdorf.de\/wp-content\/uploads\/2022\/08\/VCA_3_100-1152x1536.jpg 1152w, http:\/\/reiseblog.wbeyersdorf.de\/wp-content\/uploads\/2022\/08\/VCA_3_100-75x100.jpg 75w, http:\/\/reiseblog.wbeyersdorf.de\/wp-content\/uploads\/2022\/08\/VCA_3_100.jpg 1500w\" sizes=\"auto, (max-width: 767px) 89vw, (max-width: 1000px) 54vw, (max-width: 1071px) 543px, 580px\" \/><\/a><\/figure>\n\n\n\n<p>Die Abstecher hat sich auf alle F\u00e4lle gelohnt, bietet doch der Kalterer See und der Radweg dorthin traumhafte Ausblicke auf die grandiose Landschaft. Der wolkenlose blaue Himmel zusammen mit den endlosen Weinplantagen waren ein echtes Highlight.<br>Am liebsten w\u00e4re ich in den See gesprungen, aber leider f\u00fchrte der Radweg nicht direkt am Ufer entlang.<\/p>\n\n\n\n<figure class=\"wp-block-image size-full is-resized\"><a href=\"http:\/\/reiseblog.wbeyersdorf.de\/wp-content\/uploads\/2022\/08\/VCA_3_130.jpg\"><img loading=\"lazy\" decoding=\"async\" src=\"http:\/\/reiseblog.wbeyersdorf.de\/wp-content\/uploads\/2022\/08\/VCA_3_130.jpg\" alt=\"\" class=\"wp-image-1804\" width=\"1125\" height=\"844\" srcset=\"http:\/\/reiseblog.wbeyersdorf.de\/wp-content\/uploads\/2022\/08\/VCA_3_130.jpg 1500w, http:\/\/reiseblog.wbeyersdorf.de\/wp-content\/uploads\/2022\/08\/VCA_3_130-300x225.jpg 300w, http:\/\/reiseblog.wbeyersdorf.de\/wp-content\/uploads\/2022\/08\/VCA_3_130-400x300.jpg 400w, http:\/\/reiseblog.wbeyersdorf.de\/wp-content\/uploads\/2022\/08\/VCA_3_130-100x75.jpg 100w\" sizes=\"auto, (max-width: 767px) 89vw, (max-width: 1000px) 54vw, (max-width: 1071px) 543px, 580px\" \/><\/a><figcaption>Still ruht der Kalterer See<\/figcaption><\/figure>\n\n\n\n<figure class=\"wp-block-image size-full is-resized\"><a href=\"http:\/\/reiseblog.wbeyersdorf.de\/wp-content\/uploads\/2022\/08\/VCA_3_150.jpg\"><img loading=\"lazy\" decoding=\"async\" src=\"http:\/\/reiseblog.wbeyersdorf.de\/wp-content\/uploads\/2022\/08\/VCA_3_150.jpg\" alt=\"\" class=\"wp-image-1806\" width=\"1125\" height=\"844\" srcset=\"http:\/\/reiseblog.wbeyersdorf.de\/wp-content\/uploads\/2022\/08\/VCA_3_150.jpg 1500w, http:\/\/reiseblog.wbeyersdorf.de\/wp-content\/uploads\/2022\/08\/VCA_3_150-300x225.jpg 300w, http:\/\/reiseblog.wbeyersdorf.de\/wp-content\/uploads\/2022\/08\/VCA_3_150-400x300.jpg 400w, http:\/\/reiseblog.wbeyersdorf.de\/wp-content\/uploads\/2022\/08\/VCA_3_150-100x75.jpg 100w\" sizes=\"auto, (max-width: 767px) 89vw, (max-width: 1000px) 54vw, (max-width: 1071px) 543px, 580px\" \/><\/a><\/figure>\n\n\n\n<p>Vom Kalterer See bis zum Ort Kaltern ging es nicht nur knapp 200 H\u00f6henmeter nach oben, sondern fast st\u00e4ndig zwischen Weinst\u00f6cken entlang. Die M\u00fchen des Anstiegs waren rasch vergessen, bei solch sch\u00f6nen Radwegen.<\/p>\n\n\n\n<figure class=\"wp-block-image size-full is-resized\"><a href=\"http:\/\/reiseblog.wbeyersdorf.de\/wp-content\/uploads\/2022\/08\/VCA_3_160.jpg\"><img loading=\"lazy\" decoding=\"async\" src=\"http:\/\/reiseblog.wbeyersdorf.de\/wp-content\/uploads\/2022\/08\/VCA_3_160.jpg\" alt=\"\" class=\"wp-image-1807\" width=\"1125\" height=\"844\" srcset=\"http:\/\/reiseblog.wbeyersdorf.de\/wp-content\/uploads\/2022\/08\/VCA_3_160.jpg 1500w, http:\/\/reiseblog.wbeyersdorf.de\/wp-content\/uploads\/2022\/08\/VCA_3_160-300x225.jpg 300w, http:\/\/reiseblog.wbeyersdorf.de\/wp-content\/uploads\/2022\/08\/VCA_3_160-400x300.jpg 400w, http:\/\/reiseblog.wbeyersdorf.de\/wp-content\/uploads\/2022\/08\/VCA_3_160-100x75.jpg 100w\" sizes=\"auto, (max-width: 767px) 89vw, (max-width: 1000px) 54vw, (max-width: 1071px) 543px, 580px\" \/><\/a><figcaption>Blick auf den Kalterer See<\/figcaption><\/figure>\n\n\n\n<figure class=\"wp-block-image size-full is-resized\"><a href=\"http:\/\/reiseblog.wbeyersdorf.de\/wp-content\/uploads\/2022\/08\/VCA_3_180.jpg\"><img loading=\"lazy\" decoding=\"async\" src=\"http:\/\/reiseblog.wbeyersdorf.de\/wp-content\/uploads\/2022\/08\/VCA_3_180.jpg\" alt=\"\" class=\"wp-image-1808\" width=\"1125\" height=\"844\" srcset=\"http:\/\/reiseblog.wbeyersdorf.de\/wp-content\/uploads\/2022\/08\/VCA_3_180.jpg 1500w, http:\/\/reiseblog.wbeyersdorf.de\/wp-content\/uploads\/2022\/08\/VCA_3_180-300x225.jpg 300w, http:\/\/reiseblog.wbeyersdorf.de\/wp-content\/uploads\/2022\/08\/VCA_3_180-400x300.jpg 400w, http:\/\/reiseblog.wbeyersdorf.de\/wp-content\/uploads\/2022\/08\/VCA_3_180-100x75.jpg 100w\" sizes=\"auto, (max-width: 767px) 89vw, (max-width: 1000px) 54vw, (max-width: 1071px) 543px, 580px\" \/><\/a><\/figure>\n\n\n\n<p>Ab Kaltern bis nach Bozen f\u00fchrt der Radweg auf einer alten ehemaligen Bahntrasse entlang. Von den 7 Kilometern von St. Michael nach Bozen hinab waren wir restlos begeistert! Die 200 H\u00f6henmeter, die wir erst bis Kaltern nach oben fuhren, ging es nun wieder nach unten. Nicht zu steil und nicht zu flach, so dass man fast die gesamten 7 Kilometer weder bremsen noch treten musste, man konnten die R\u00e4der einfach rollen lassen. <br>Aufpassen musste man nur auf die entgegenkommenden Radler, die sich keuchend den Weg nach Kaltern bahnten.<\/p>\n\n\n\n<figure class=\"wp-block-image size-full is-resized\"><a href=\"http:\/\/reiseblog.wbeyersdorf.de\/wp-content\/uploads\/2022\/08\/VCA_3_220.jpg\"><img loading=\"lazy\" decoding=\"async\" src=\"http:\/\/reiseblog.wbeyersdorf.de\/wp-content\/uploads\/2022\/08\/VCA_3_220.jpg\" alt=\"\" class=\"wp-image-1926\" width=\"1125\" height=\"844\" srcset=\"http:\/\/reiseblog.wbeyersdorf.de\/wp-content\/uploads\/2022\/08\/VCA_3_220.jpg 1500w, http:\/\/reiseblog.wbeyersdorf.de\/wp-content\/uploads\/2022\/08\/VCA_3_220-300x225.jpg 300w, http:\/\/reiseblog.wbeyersdorf.de\/wp-content\/uploads\/2022\/08\/VCA_3_220-400x300.jpg 400w, http:\/\/reiseblog.wbeyersdorf.de\/wp-content\/uploads\/2022\/08\/VCA_3_220-100x75.jpg 100w\" sizes=\"auto, (max-width: 767px) 89vw, (max-width: 1000px) 54vw, (max-width: 1071px) 543px, 580px\" \/><\/a><figcaption>Eine alte Lok in Kaltern, die fr\u00fcher die ehemalige Bahntrasse befuhr<\/figcaption><\/figure>\n\n\n\n<p>Wer wissen will, was wir an diesem Tag f\u00fcr ein reichhaltiges Mittagessen zu uns nahmen &#8211; bittesch\u00f6n:<\/p>\n\n\n\n<figure class=\"wp-block-image size-large is-resized\"><a href=\"http:\/\/reiseblog.wbeyersdorf.de\/wp-content\/uploads\/2022\/08\/VCA_3_240-e1661157187228.jpg\"><img loading=\"lazy\" decoding=\"async\" src=\"http:\/\/reiseblog.wbeyersdorf.de\/wp-content\/uploads\/2022\/08\/VCA_3_240-1125x1500.jpg\" alt=\"\" class=\"wp-image-1809\" width=\"844\" height=\"1125\"\/><\/a><figcaption>Apfel, N\u00fcsse und Pizza vom Vorabend<\/figcaption><\/figure>\n\n\n\n<figure class=\"wp-block-image size-full is-resized\"><a href=\"http:\/\/reiseblog.wbeyersdorf.de\/wp-content\/uploads\/2022\/08\/VCA_3_250.jpg\"><img loading=\"lazy\" decoding=\"async\" src=\"http:\/\/reiseblog.wbeyersdorf.de\/wp-content\/uploads\/2022\/08\/VCA_3_250.jpg\" alt=\"\" class=\"wp-image-1810\" width=\"1125\" height=\"844\" srcset=\"http:\/\/reiseblog.wbeyersdorf.de\/wp-content\/uploads\/2022\/08\/VCA_3_250.jpg 1500w, http:\/\/reiseblog.wbeyersdorf.de\/wp-content\/uploads\/2022\/08\/VCA_3_250-300x225.jpg 300w, http:\/\/reiseblog.wbeyersdorf.de\/wp-content\/uploads\/2022\/08\/VCA_3_250-400x300.jpg 400w, http:\/\/reiseblog.wbeyersdorf.de\/wp-content\/uploads\/2022\/08\/VCA_3_250-100x75.jpg 100w\" sizes=\"auto, (max-width: 767px) 89vw, (max-width: 1000px) 54vw, (max-width: 1071px) 543px, 580px\" \/><\/a><figcaption>Blick von Bozen in Richtung Meran<\/figcaption><\/figure>\n\n\n\n<p>Die restlichen knapp 40 Kilometer von Bozen bis zum Etappenziel Meran boten nicht allzuviel Abwechslung, f\u00fchrte doch der Radweg fast immer direkt an der Etsch entlang. Auch waren keine Ortschaften zu durchfahren, die f\u00fcr etwas Abwechslung h\u00e4tten sorgen k\u00f6nnen. <\/p>\n\n\n\n<p>Einen kurzen spontanen Halt legten wir etwa in H\u00f6he <strong>Vilpian <\/strong>an der <strong>Sporgl-Au Radrast<\/strong> ein. <br>Dort kann man nicht nur sein E-Bike mit Solarstrom laden (was wir nicht taten, unsere Akkus waren noch gut gef\u00fcllt und nach Meran war es auch nicht mehr weit), sondern man kann auch frischen Apfelsaft aus eigener Herstellung vom Biohof verk\u00f6stigen. Zwar war der Apfelsaft nicht ganz billig (4 \u20ac f\u00fcr 0,4 l), schmeckte aber ganz hervorragend! <br>Au\u00dferdem waren wir f\u00fcr eine kurze Pause an diesem sch\u00f6nen Rastplatz dankbar.<\/p>\n\n\n\n<figure class=\"wp-block-image size-full is-resized\"><a href=\"http:\/\/reiseblog.wbeyersdorf.de\/wp-content\/uploads\/2022\/08\/VCA_3_280.jpg\"><img loading=\"lazy\" decoding=\"async\" src=\"http:\/\/reiseblog.wbeyersdorf.de\/wp-content\/uploads\/2022\/08\/VCA_3_280.jpg\" alt=\"\" class=\"wp-image-1811\" width=\"1125\" height=\"844\" srcset=\"http:\/\/reiseblog.wbeyersdorf.de\/wp-content\/uploads\/2022\/08\/VCA_3_280.jpg 1500w, http:\/\/reiseblog.wbeyersdorf.de\/wp-content\/uploads\/2022\/08\/VCA_3_280-300x225.jpg 300w, http:\/\/reiseblog.wbeyersdorf.de\/wp-content\/uploads\/2022\/08\/VCA_3_280-400x300.jpg 400w, http:\/\/reiseblog.wbeyersdorf.de\/wp-content\/uploads\/2022\/08\/VCA_3_280-100x75.jpg 100w\" sizes=\"auto, (max-width: 767px) 89vw, (max-width: 1000px) 54vw, (max-width: 1071px) 543px, 580px\" \/><\/a><figcaption>Sporgl-Au Radrast<\/figcaption><\/figure>\n\n\n\n<figure class=\"wp-block-image size-full is-resized\"><a href=\"http:\/\/reiseblog.wbeyersdorf.de\/wp-content\/uploads\/2022\/08\/VCA_3_310.jpg\"><img loading=\"lazy\" decoding=\"async\" src=\"http:\/\/reiseblog.wbeyersdorf.de\/wp-content\/uploads\/2022\/08\/VCA_3_310.jpg\" alt=\"\" class=\"wp-image-1812\" width=\"1125\" height=\"844\" srcset=\"http:\/\/reiseblog.wbeyersdorf.de\/wp-content\/uploads\/2022\/08\/VCA_3_310.jpg 1500w, http:\/\/reiseblog.wbeyersdorf.de\/wp-content\/uploads\/2022\/08\/VCA_3_310-300x225.jpg 300w, http:\/\/reiseblog.wbeyersdorf.de\/wp-content\/uploads\/2022\/08\/VCA_3_310-400x300.jpg 400w, http:\/\/reiseblog.wbeyersdorf.de\/wp-content\/uploads\/2022\/08\/VCA_3_310-100x75.jpg 100w\" sizes=\"auto, (max-width: 767px) 89vw, (max-width: 1000px) 54vw, (max-width: 1071px) 543px, 580px\" \/><\/a><\/figure>\n\n\n\n<p>Darum waren wir ganz froh, nach 77 Kilometern endlich unser <strong>Hotel S&#8217;R\u00f6ssl Cavallino<\/strong> erreicht zu haben, welches direkt an der Via Claudia Augusta gelegen ist. Da das Hotel neben der Pferderennbahn in <strong>Meran <\/strong>(deshalb auch der Name des Hotels) ist, wunderten wir uns nicht, dass Pferde \u00fcber die Stra\u00dfe von den Stallungen zur Rennbahn gef\u00fchrt wurden.<br>In unserem Zimmer hing ein Bild des Pferds <a rel=\"noreferrer noopener\" href=\"https:\/\/de.wikipedia.org\/wiki\/Acatenango_(Pferd)\" target=\"_blank\">Acatenango<\/a> &#8211; wer kennt es nicht &#8230; Das waren noch Zeiten, als die Galopper des Jahres in der Sportschau von Ernst Huberty gek\u00fcrt wurden.<\/p>\n\n\n\n<figure class=\"wp-block-image size-full is-resized\"><a href=\"http:\/\/reiseblog.wbeyersdorf.de\/wp-content\/uploads\/2022\/08\/VCA_3_320.jpg\"><img loading=\"lazy\" decoding=\"async\" src=\"http:\/\/reiseblog.wbeyersdorf.de\/wp-content\/uploads\/2022\/08\/VCA_3_320.jpg\" alt=\"\" class=\"wp-image-1813\" width=\"1125\" height=\"844\" srcset=\"http:\/\/reiseblog.wbeyersdorf.de\/wp-content\/uploads\/2022\/08\/VCA_3_320.jpg 1500w, http:\/\/reiseblog.wbeyersdorf.de\/wp-content\/uploads\/2022\/08\/VCA_3_320-300x225.jpg 300w, http:\/\/reiseblog.wbeyersdorf.de\/wp-content\/uploads\/2022\/08\/VCA_3_320-400x300.jpg 400w, http:\/\/reiseblog.wbeyersdorf.de\/wp-content\/uploads\/2022\/08\/VCA_3_320-100x75.jpg 100w\" sizes=\"auto, (max-width: 767px) 89vw, (max-width: 1000px) 54vw, (max-width: 1071px) 543px, 580px\" \/><\/a><figcaption>Hotel S&#8217;R\u00f6ssl Cavallino in Meran<\/figcaption><\/figure>\n\n\n\n<p>\u00dcber die gut funktionierende Klimaanlage in unserem Zimmer freuten wir uns ebenso, wie \u00fcber den Balkon zum Trocknen der gewaschenen Radbekleidung und das gute Abendessen im Hotelrestaurant.<\/p>\n\n\n\n<p>Gerne w\u00e4ren wir zum Abendessen in die Meraner Innenstadt gegangen, aber angesichts von 38\u00b0C verging uns die Lust auf Sightseeing. Schade, dass wir witterungsbedingt auf ausf\u00fchrliche Besichtungstouren in diesen ersten Tagen verzichten mussten. <\/p>\n\n\n\n<figure class=\"wp-block-image size-full is-resized\"><a href=\"http:\/\/reiseblog.wbeyersdorf.de\/wp-content\/uploads\/2022\/08\/VCA_3_350.jpg\"><img loading=\"lazy\" decoding=\"async\" src=\"http:\/\/reiseblog.wbeyersdorf.de\/wp-content\/uploads\/2022\/08\/VCA_3_350.jpg\" alt=\"\" class=\"wp-image-1814\" width=\"750\" height=\"816\" srcset=\"http:\/\/reiseblog.wbeyersdorf.de\/wp-content\/uploads\/2022\/08\/VCA_3_350.jpg 1500w, http:\/\/reiseblog.wbeyersdorf.de\/wp-content\/uploads\/2022\/08\/VCA_3_350-276x300.jpg 276w, http:\/\/reiseblog.wbeyersdorf.de\/wp-content\/uploads\/2022\/08\/VCA_3_350-1380x1500.jpg 1380w, http:\/\/reiseblog.wbeyersdorf.de\/wp-content\/uploads\/2022\/08\/VCA_3_350-368x400.jpg 368w, http:\/\/reiseblog.wbeyersdorf.de\/wp-content\/uploads\/2022\/08\/VCA_3_350-1413x1536.jpg 1413w, http:\/\/reiseblog.wbeyersdorf.de\/wp-content\/uploads\/2022\/08\/VCA_3_350-92x100.jpg 92w\" sizes=\"auto, (max-width: 706px) 89vw, (max-width: 767px) 82vw, 740px\" \/><\/a><figcaption>Abendessen im Hotelrestaurant<\/figcaption><\/figure>\n\n\n\n<figure class=\"wp-block-image size-full is-resized\"><a href=\"http:\/\/reiseblog.wbeyersdorf.de\/wp-content\/uploads\/2022\/08\/VCA_3_Profil.jpg\"><img loading=\"lazy\" decoding=\"async\" src=\"http:\/\/reiseblog.wbeyersdorf.de\/wp-content\/uploads\/2022\/08\/VCA_3_Profil.jpg\" alt=\"\" class=\"wp-image-2058\" width=\"1125\" height=\"388\" srcset=\"http:\/\/reiseblog.wbeyersdorf.de\/wp-content\/uploads\/2022\/08\/VCA_3_Profil.jpg 1500w, http:\/\/reiseblog.wbeyersdorf.de\/wp-content\/uploads\/2022\/08\/VCA_3_Profil-300x103.jpg 300w, http:\/\/reiseblog.wbeyersdorf.de\/wp-content\/uploads\/2022\/08\/VCA_3_Profil-400x138.jpg 400w, http:\/\/reiseblog.wbeyersdorf.de\/wp-content\/uploads\/2022\/08\/VCA_3_Profil-100x34.jpg 100w\" sizes=\"auto, (max-width: 767px) 89vw, (max-width: 1000px) 54vw, (max-width: 1071px) 543px, 580px\" \/><\/a><\/figure>\n\n\n\n<p>In meinem Komoot-Profil ist der genaue Streckenverlauf zu sehen:<br><a rel=\"noreferrer noopener\" href=\"https:\/\/www.komoot.de\/collection\/1701339\/-via-claudia-augusta\" target=\"_blank\">https:\/\/www.komoot.de\/collection\/1701339\/-via-claudia-augusta<\/a><\/p>\n","protected":false},"excerpt":{"rendered":"<p>Nachdem auch am 3. Tag unserer Radreise auf der Via Claudia Augusta von Verona nach Stegaurach wieder Temperaturen nahe der 40\u00b0C zu erwarten waren, sa\u00dfen wir schon wieder vor 7 Uhr auf den Satteln unserer R\u00e4der. Die angenehmen Temperaturen um diese fr\u00fche Uhrzeit waren eine Wohltat, so konnten wir wenigstens die ersten Stunden bei nicht &hellip; <\/p>\n<p class=\"link-more\"><a href=\"http:\/\/reiseblog.wbeyersdorf.de\/?p=1917\" class=\"more-link\"><span class=\"screen-reader-text\">\u201eVia Claudia Augusta, Tag 3 \u2013 Kalterer See, Bozen und Meran\u201c<\/span> weiterlesen<\/a><\/p>\n","protected":false},"author":1,"featured_media":1919,"comment_status":"open","ping_status":"open","sticky":false,"template":"","format":"standard","meta":{"footnotes":""},"categories":[95,8,96],"tags":[118,117,101,119,97],"class_list":["post-1917","post","type-post","status-publish","format-standard","has-post-thumbnail","hentry","category-95","category-urlaub","category-via-claudia-augusta","tag-bozen","tag-kalterer-see","tag-meran","tag-sporgl-au-radrast","tag-via-claudia-augusta"],"_links":{"self":[{"href":"http:\/\/reiseblog.wbeyersdorf.de\/index.php?rest_route=\/wp\/v2\/posts\/1917","targetHints":{"allow":["GET"]}}],"collection":[{"href":"http:\/\/reiseblog.wbeyersdorf.de\/index.php?rest_route=\/wp\/v2\/posts"}],"about":[{"href":"http:\/\/reiseblog.wbeyersdorf.de\/index.php?rest_route=\/wp\/v2\/types\/post"}],"author":[{"embeddable":true,"href":"http:\/\/reiseblog.wbeyersdorf.de\/index.php?rest_route=\/wp\/v2\/users\/1"}],"replies":[{"embeddable":true,"href":"http:\/\/reiseblog.wbeyersdorf.de\/index.php?rest_route=%2Fwp%2Fv2%2Fcomments&post=1917"}],"version-history":[{"count":20,"href":"http:\/\/reiseblog.wbeyersdorf.de\/index.php?rest_route=\/wp\/v2\/posts\/1917\/revisions"}],"predecessor-version":[{"id":2141,"href":"http:\/\/reiseblog.wbeyersdorf.de\/index.php?rest_route=\/wp\/v2\/posts\/1917\/revisions\/2141"}],"wp:featuredmedia":[{"embeddable":true,"href":"http:\/\/reiseblog.wbeyersdorf.de\/index.php?rest_route=\/wp\/v2\/media\/1919"}],"wp:attachment":[{"href":"http:\/\/reiseblog.wbeyersdorf.de\/index.php?rest_route=%2Fwp%2Fv2%2Fmedia&parent=1917"}],"wp:term":[{"taxonomy":"category","embeddable":true,"href":"http:\/\/reiseblog.wbeyersdorf.de\/index.php?rest_route=%2Fwp%2Fv2%2Fcategories&post=1917"},{"taxonomy":"post_tag","embeddable":true,"href":"http:\/\/reiseblog.wbeyersdorf.de\/index.php?rest_route=%2Fwp%2Fv2%2Ftags&post=1917"}],"curies":[{"name":"wp","href":"https:\/\/api.w.org\/{rel}","templated":true}]}}