{"id":170,"date":"2019-07-16T09:55:10","date_gmt":"2019-07-16T09:55:10","guid":{"rendered":"http:\/\/reiseblog.wbeyersdorf.de\/?p=170"},"modified":"2019-07-28T09:07:59","modified_gmt":"2019-07-28T09:07:59","slug":"alpe-adria-radweg-tag-7","status":"publish","type":"post","link":"http:\/\/reiseblog.wbeyersdorf.de\/?p=170","title":{"rendered":"Alpe Adria Radweg, Tag 7"},"content":{"rendered":"\n<p>357 Kilometer wurden von uns seit dem Start in Salzburg zur\u00fcckgelegt,  <br>2200 H\u00f6henmeter hinauf gefahren und unz\u00e4hlige Liter Schwei\u00df vergossen. <\/p>\n\n\n\n<!--more-->\n\n\n\n<p>Aber wir durften auch unvergesslich sch\u00f6ne Landschaften, rasante Abfahrten, leckeres Essen und viele zufriedene Momente genie\u00dfen.<\/p>\n\n\n\n<p>Auch wenn wir nicht bis Grado gefahren sind, ist der Alpe Adria Radweg eine absolute Empfehlung wert.<\/p>\n\n\n\n<p>Wie schon erw\u00e4hnt haben wir nicht einen der organisierten R\u00fccktransporte gew\u00e4hlt, sondern wir entschieden uns mit der Bahn zu fahren.<br>Mehrmals t\u00e4glich f\u00e4hrt der <a rel=\"noreferrer noopener\" aria-label=\"Micotra (\u00f6ffnet in neuem Tab)\" href=\"https:\/\/www.obb-italia.com\/ab-italien\/micotra.html\" target=\"_blank\">Micotra<\/a> von Udine nach Villach. Abfahrt sollte planm\u00e4\u00dfig um 7:14 Uhr sein, der sich jedoch wegen einer fehlenden Lok (!) um 25 Minuten verz\u00f6gerte. Per Twitter fragte ich die \u00d6BB an, ob unsere Anschlussverbindung in Villach auf uns warten w\u00fcrde. Antwort: nat\u00fcrlich nicht.<\/p>\n\n\n\n<p>Na prima, damit w\u00e4ren unsere Reservierungen f\u00fcr Sitzplatz und Fahrr\u00e4der hinf\u00e4llig und wir m\u00fcssten in Villach neu buchen etc.<\/p>\n\n\n\n<p>In Tarviso wechselten die Zugbegleiter, die italienischen stiegen aus und die \u00f6sterreichischen ein. Der neue Schaffner verstand dann endlich unser (und das von etwa 15 anderen Reisenden) Anliegen und sorgte daf\u00fcr, dass der Eurocity in Villach doch wartete. Super, damit sparten wir uns 2 Stunden Wartezeit!<\/p>\n\n\n\n<p>In Villach hielt der Zug aus Udine dann auch noch am selben Bahnsteig, so dass wir nicht noch quer durch den Bahnhof hetzen mussten.<\/p>\n\n\n\n<figure class=\"wp-block-image\"><a href=\"http:\/\/reiseblog.wbeyersdorf.de\/wp-content\/uploads\/2019\/07\/20190708_100823.jpg\"><img loading=\"lazy\" decoding=\"async\" width=\"800\" height=\"600\" src=\"http:\/\/reiseblog.wbeyersdorf.de\/wp-content\/uploads\/2019\/07\/20190708_100823.jpg\" alt=\"\" class=\"wp-image-164\" srcset=\"http:\/\/reiseblog.wbeyersdorf.de\/wp-content\/uploads\/2019\/07\/20190708_100823.jpg 800w, http:\/\/reiseblog.wbeyersdorf.de\/wp-content\/uploads\/2019\/07\/20190708_100823-400x300.jpg 400w, http:\/\/reiseblog.wbeyersdorf.de\/wp-content\/uploads\/2019\/07\/20190708_100823-300x225.jpg 300w, http:\/\/reiseblog.wbeyersdorf.de\/wp-content\/uploads\/2019\/07\/20190708_100823-100x75.jpg 100w\" sizes=\"auto, (max-width: 767px) 89vw, (max-width: 1000px) 54vw, (max-width: 1071px) 543px, 580px\" \/><\/a><\/figure>\n\n\n\n<figure class=\"wp-block-image\"><a href=\"http:\/\/reiseblog.wbeyersdorf.de\/wp-content\/uploads\/2019\/07\/20190708_101046.jpg\"><img loading=\"lazy\" decoding=\"async\" width=\"800\" height=\"600\" src=\"http:\/\/reiseblog.wbeyersdorf.de\/wp-content\/uploads\/2019\/07\/20190708_101046.jpg\" alt=\"\" class=\"wp-image-165\" srcset=\"http:\/\/reiseblog.wbeyersdorf.de\/wp-content\/uploads\/2019\/07\/20190708_101046.jpg 800w, http:\/\/reiseblog.wbeyersdorf.de\/wp-content\/uploads\/2019\/07\/20190708_101046-400x300.jpg 400w, http:\/\/reiseblog.wbeyersdorf.de\/wp-content\/uploads\/2019\/07\/20190708_101046-300x225.jpg 300w, http:\/\/reiseblog.wbeyersdorf.de\/wp-content\/uploads\/2019\/07\/20190708_101046-100x75.jpg 100w\" sizes=\"auto, (max-width: 767px) 89vw, (max-width: 1000px) 54vw, (max-width: 1071px) 543px, 580px\" \/><\/a><\/figure>\n\n\n\n<p>Nach insgesamt 4,5 Stunden Fahrt mit einem Umstieg erreichten wir dann wieder Salzburg, wo wir vor knapp einer Woche unsere Alpen-Durchquerung starteten.<\/p>\n\n\n\n<p>Noch schnell in einem Supermarkt ein paar \u00f6sterreichische Spezialit\u00e4ten eingekauft, dann waren wir wieder auf der Autobahn in Richtung Heimat, welche wir nach 4 Stunden Fahrt mit nur wenigen kurzen Staus erreichten.<\/p>\n","protected":false},"excerpt":{"rendered":"<p>357 Kilometer wurden von uns seit dem Start in Salzburg zur\u00fcckgelegt, 2200 H\u00f6henmeter hinauf gefahren und unz\u00e4hlige Liter Schwei\u00df vergossen.<\/p>\n","protected":false},"author":1,"featured_media":173,"comment_status":"open","ping_status":"open","sticky":false,"template":"","format":"standard","meta":{"footnotes":""},"categories":[50,15,8],"tags":[3,26,27,4,5],"class_list":["post-170","post","type-post","status-publish","format-standard","has-post-thumbnail","hentry","category-50","category-alpe-adria-radweg","category-urlaub","tag-alpe-adria-radweg","tag-bahn","tag-micotra","tag-salzburg","tag-udine"],"_links":{"self":[{"href":"http:\/\/reiseblog.wbeyersdorf.de\/index.php?rest_route=\/wp\/v2\/posts\/170","targetHints":{"allow":["GET"]}}],"collection":[{"href":"http:\/\/reiseblog.wbeyersdorf.de\/index.php?rest_route=\/wp\/v2\/posts"}],"about":[{"href":"http:\/\/reiseblog.wbeyersdorf.de\/index.php?rest_route=\/wp\/v2\/types\/post"}],"author":[{"embeddable":true,"href":"http:\/\/reiseblog.wbeyersdorf.de\/index.php?rest_route=\/wp\/v2\/users\/1"}],"replies":[{"embeddable":true,"href":"http:\/\/reiseblog.wbeyersdorf.de\/index.php?rest_route=%2Fwp%2Fv2%2Fcomments&post=170"}],"version-history":[{"count":4,"href":"http:\/\/reiseblog.wbeyersdorf.de\/index.php?rest_route=\/wp\/v2\/posts\/170\/revisions"}],"predecessor-version":[{"id":649,"href":"http:\/\/reiseblog.wbeyersdorf.de\/index.php?rest_route=\/wp\/v2\/posts\/170\/revisions\/649"}],"wp:featuredmedia":[{"embeddable":true,"href":"http:\/\/reiseblog.wbeyersdorf.de\/index.php?rest_route=\/wp\/v2\/media\/173"}],"wp:attachment":[{"href":"http:\/\/reiseblog.wbeyersdorf.de\/index.php?rest_route=%2Fwp%2Fv2%2Fmedia&parent=170"}],"wp:term":[{"taxonomy":"category","embeddable":true,"href":"http:\/\/reiseblog.wbeyersdorf.de\/index.php?rest_route=%2Fwp%2Fv2%2Fcategories&post=170"},{"taxonomy":"post_tag","embeddable":true,"href":"http:\/\/reiseblog.wbeyersdorf.de\/index.php?rest_route=%2Fwp%2Fv2%2Ftags&post=170"}],"curies":[{"name":"wp","href":"https:\/\/api.w.org\/{rel}","templated":true}]}}