{"id":154,"date":"2019-07-14T16:54:14","date_gmt":"2019-07-14T16:54:14","guid":{"rendered":"http:\/\/reiseblog.wbeyersdorf.de\/?p=154"},"modified":"2019-07-28T09:08:55","modified_gmt":"2019-07-28T09:08:55","slug":"alpe-adria-radweg-tag-6","status":"publish","type":"post","link":"http:\/\/reiseblog.wbeyersdorf.de\/?p=154","title":{"rendered":"Alpe Adria Radweg, Tag 6"},"content":{"rendered":"\n<p>Der Alpe Adria Radweg f\u00fchrt eigentlich von Salzburg bis nach Grado. Da wir jedoch nicht vor hatten in Grado l\u00e4nger zu bleiben und der organisierte R\u00fccktransport von Grado nach Salzburg nicht gerade billig ist, entschieden wir uns, den Ausflug in Udine zu beenden.<\/p>\n\n\n\n<!--more-->\n\n\n\n<p>Kurz nach dem Start in Carnia fuhren wir durch Venzone. Dieser kleine Ort wurde bei einem verheerenden Erdbeben 1976 fast komplett zerst\u00f6rt, jedoch in der Folgezeit wieder aufgebaut. <\/p>\n\n\n\n<figure class=\"wp-block-image\"><a href=\"http:\/\/reiseblog.wbeyersdorf.de\/wp-content\/uploads\/2019\/07\/20190707_081630.jpg\"><img loading=\"lazy\" decoding=\"async\" width=\"800\" height=\"600\" src=\"http:\/\/reiseblog.wbeyersdorf.de\/wp-content\/uploads\/2019\/07\/20190707_081630.jpg\" alt=\"\" class=\"wp-image-167\" srcset=\"http:\/\/reiseblog.wbeyersdorf.de\/wp-content\/uploads\/2019\/07\/20190707_081630.jpg 800w, http:\/\/reiseblog.wbeyersdorf.de\/wp-content\/uploads\/2019\/07\/20190707_081630-400x300.jpg 400w, http:\/\/reiseblog.wbeyersdorf.de\/wp-content\/uploads\/2019\/07\/20190707_081630-300x225.jpg 300w, http:\/\/reiseblog.wbeyersdorf.de\/wp-content\/uploads\/2019\/07\/20190707_081630-100x75.jpg 100w\" sizes=\"auto, (max-width: 767px) 89vw, (max-width: 1000px) 54vw, (max-width: 1071px) 543px, 580px\" \/><\/a><\/figure>\n\n\n\n<figure class=\"wp-block-image\"><a href=\"http:\/\/reiseblog.wbeyersdorf.de\/wp-content\/uploads\/2019\/07\/20190707_082107.jpg\"><img loading=\"lazy\" decoding=\"async\" width=\"800\" height=\"600\" src=\"http:\/\/reiseblog.wbeyersdorf.de\/wp-content\/uploads\/2019\/07\/20190707_082107.jpg\" alt=\"\" class=\"wp-image-156\" srcset=\"http:\/\/reiseblog.wbeyersdorf.de\/wp-content\/uploads\/2019\/07\/20190707_082107.jpg 800w, http:\/\/reiseblog.wbeyersdorf.de\/wp-content\/uploads\/2019\/07\/20190707_082107-400x300.jpg 400w, http:\/\/reiseblog.wbeyersdorf.de\/wp-content\/uploads\/2019\/07\/20190707_082107-300x225.jpg 300w, http:\/\/reiseblog.wbeyersdorf.de\/wp-content\/uploads\/2019\/07\/20190707_082107-100x75.jpg 100w\" sizes=\"auto, (max-width: 767px) 89vw, (max-width: 1000px) 54vw, (max-width: 1071px) 543px, 580px\" \/><\/a><\/figure>\n\n\n\n<figure class=\"wp-block-image\"><a href=\"http:\/\/reiseblog.wbeyersdorf.de\/wp-content\/uploads\/2019\/07\/20190707_082042.jpg\"><img loading=\"lazy\" decoding=\"async\" width=\"800\" height=\"600\" src=\"http:\/\/reiseblog.wbeyersdorf.de\/wp-content\/uploads\/2019\/07\/20190707_082042.jpg\" alt=\"\" class=\"wp-image-155\" srcset=\"http:\/\/reiseblog.wbeyersdorf.de\/wp-content\/uploads\/2019\/07\/20190707_082042.jpg 800w, http:\/\/reiseblog.wbeyersdorf.de\/wp-content\/uploads\/2019\/07\/20190707_082042-400x300.jpg 400w, http:\/\/reiseblog.wbeyersdorf.de\/wp-content\/uploads\/2019\/07\/20190707_082042-300x225.jpg 300w, http:\/\/reiseblog.wbeyersdorf.de\/wp-content\/uploads\/2019\/07\/20190707_082042-100x75.jpg 100w\" sizes=\"auto, (max-width: 767px) 89vw, (max-width: 1000px) 54vw, (max-width: 1071px) 543px, 580px\" \/><\/a><\/figure>\n\n\n\n<p>Rasch werden die Berge entlang der Strecke immer kleiner und ehe man es sich versieht, liegen die Alpen hinter uns.<br>Wir haben es geschafft! Wir haben die Alpen durchquert!<\/p>\n\n\n\n<figure class=\"wp-block-image\"><a href=\"http:\/\/reiseblog.wbeyersdorf.de\/wp-content\/uploads\/2019\/07\/20190707_092846.jpg\"><img loading=\"lazy\" decoding=\"async\" width=\"800\" height=\"600\" src=\"http:\/\/reiseblog.wbeyersdorf.de\/wp-content\/uploads\/2019\/07\/20190707_092846.jpg\" alt=\"\" class=\"wp-image-158\" srcset=\"http:\/\/reiseblog.wbeyersdorf.de\/wp-content\/uploads\/2019\/07\/20190707_092846.jpg 800w, http:\/\/reiseblog.wbeyersdorf.de\/wp-content\/uploads\/2019\/07\/20190707_092846-400x300.jpg 400w, http:\/\/reiseblog.wbeyersdorf.de\/wp-content\/uploads\/2019\/07\/20190707_092846-300x225.jpg 300w, http:\/\/reiseblog.wbeyersdorf.de\/wp-content\/uploads\/2019\/07\/20190707_092846-100x75.jpg 100w\" sizes=\"auto, (max-width: 767px) 89vw, (max-width: 1000px) 54vw, (max-width: 1071px) 543px, 580px\" \/><\/a><\/figure>\n\n\n\n<figure class=\"wp-block-image\"><a href=\"http:\/\/reiseblog.wbeyersdorf.de\/wp-content\/uploads\/2019\/07\/20190707_091949.jpg\"><img loading=\"lazy\" decoding=\"async\" width=\"800\" height=\"600\" src=\"http:\/\/reiseblog.wbeyersdorf.de\/wp-content\/uploads\/2019\/07\/20190707_091949.jpg\" alt=\"\" class=\"wp-image-147\" srcset=\"http:\/\/reiseblog.wbeyersdorf.de\/wp-content\/uploads\/2019\/07\/20190707_091949.jpg 800w, http:\/\/reiseblog.wbeyersdorf.de\/wp-content\/uploads\/2019\/07\/20190707_091949-400x300.jpg 400w, http:\/\/reiseblog.wbeyersdorf.de\/wp-content\/uploads\/2019\/07\/20190707_091949-300x225.jpg 300w, http:\/\/reiseblog.wbeyersdorf.de\/wp-content\/uploads\/2019\/07\/20190707_091949-100x75.jpg 100w\" sizes=\"auto, (max-width: 767px) 89vw, (max-width: 1000px) 54vw, (max-width: 1071px) 543px, 580px\" \/><\/a><\/figure>\n\n\n\n<p>Die restlichen Kilometer nach Udine sind nur noch die K\u00fcr, die Pflicht haben wir schon absolviert.<\/p>\n\n\n\n<figure class=\"wp-block-image\"><a href=\"http:\/\/reiseblog.wbeyersdorf.de\/wp-content\/uploads\/2019\/07\/20190707_090608.jpg\"><img loading=\"lazy\" decoding=\"async\" width=\"800\" height=\"600\" src=\"http:\/\/reiseblog.wbeyersdorf.de\/wp-content\/uploads\/2019\/07\/20190707_090608.jpg\" alt=\"\" class=\"wp-image-157\" srcset=\"http:\/\/reiseblog.wbeyersdorf.de\/wp-content\/uploads\/2019\/07\/20190707_090608.jpg 800w, http:\/\/reiseblog.wbeyersdorf.de\/wp-content\/uploads\/2019\/07\/20190707_090608-400x300.jpg 400w, http:\/\/reiseblog.wbeyersdorf.de\/wp-content\/uploads\/2019\/07\/20190707_090608-300x225.jpg 300w, http:\/\/reiseblog.wbeyersdorf.de\/wp-content\/uploads\/2019\/07\/20190707_090608-100x75.jpg 100w\" sizes=\"auto, (max-width: 767px) 89vw, (max-width: 1000px) 54vw, (max-width: 1071px) 543px, 580px\" \/><\/a><\/figure>\n\n\n\n<p>Die Strapazen der letzten Tage merken wir in den Beinen und auch im verl\u00e4ngerten R\u00fccken. Wir lassen es deshalb heute etwas langsamer angehen und machen h\u00e4ufiger Pausen.<\/p>\n\n\n\n<figure class=\"wp-block-image\"><a href=\"http:\/\/reiseblog.wbeyersdorf.de\/wp-content\/uploads\/2019\/07\/20190707_110956.jpg\"><img loading=\"lazy\" decoding=\"async\" width=\"800\" height=\"600\" src=\"http:\/\/reiseblog.wbeyersdorf.de\/wp-content\/uploads\/2019\/07\/20190707_110956.jpg\" alt=\"\" class=\"wp-image-160\" srcset=\"http:\/\/reiseblog.wbeyersdorf.de\/wp-content\/uploads\/2019\/07\/20190707_110956.jpg 800w, http:\/\/reiseblog.wbeyersdorf.de\/wp-content\/uploads\/2019\/07\/20190707_110956-400x300.jpg 400w, http:\/\/reiseblog.wbeyersdorf.de\/wp-content\/uploads\/2019\/07\/20190707_110956-300x225.jpg 300w, http:\/\/reiseblog.wbeyersdorf.de\/wp-content\/uploads\/2019\/07\/20190707_110956-100x75.jpg 100w\" sizes=\"auto, (max-width: 767px) 89vw, (max-width: 1000px) 54vw, (max-width: 1071px) 543px, 580px\" \/><\/a><\/figure>\n\n\n\n<p>Da wir uns f\u00fcr eine R\u00fcckfahrt am n\u00e4chsten Tag mit der Bahn entschieden haben, suchten wir das Hotel Ambassador Palace Hotel f\u00fcr 119 \u20ac aus, welches nicht so weit vom Bahnhof entfernt ist. Die R\u00e4der konnten wir in der hoteleigenen Tiefgarage sicher abstellen.<\/p>\n\n\n\n<p>Nach dem Einchecken erkundeten wir noch ein wenig die sehenswerte Altstadt und a\u00dfen in einem Restaurant an der Piazza Giacomo Matteotti und beobachteten das typische italienische Treiben.<\/p>\n\n\n\n<figure class=\"wp-block-image\"><a href=\"http:\/\/reiseblog.wbeyersdorf.de\/wp-content\/uploads\/2019\/07\/20190707_172627.jpg\"><img decoding=\"async\" src=\"http:\/\/reiseblog.wbeyersdorf.de\/wp-content\/uploads\/2019\/07\/20190707_172627-1024x768.jpg\" alt=\"\" class=\"wp-image-161\"\/><\/a><\/figure>\n\n\n\n<figure class=\"wp-block-image\"><a href=\"http:\/\/reiseblog.wbeyersdorf.de\/wp-content\/uploads\/2019\/07\/20190707_173209.jpg\"><img decoding=\"async\" src=\"http:\/\/reiseblog.wbeyersdorf.de\/wp-content\/uploads\/2019\/07\/20190707_173209-1024x768.jpg\" alt=\"\" class=\"wp-image-162\"\/><\/a><\/figure>\n\n\n\n<p>Zum Abschluss der Reise g\u00f6nnten wir uns noch ein leckeres italienisches Eis.<\/p>\n\n\n\n<figure class=\"wp-block-image\"><a href=\"http:\/\/reiseblog.wbeyersdorf.de\/wp-content\/uploads\/2019\/07\/20190707_191020.jpg\"><img loading=\"lazy\" decoding=\"async\" width=\"800\" height=\"600\" src=\"http:\/\/reiseblog.wbeyersdorf.de\/wp-content\/uploads\/2019\/07\/20190707_191020.jpg\" alt=\"\" class=\"wp-image-163\" srcset=\"http:\/\/reiseblog.wbeyersdorf.de\/wp-content\/uploads\/2019\/07\/20190707_191020.jpg 800w, http:\/\/reiseblog.wbeyersdorf.de\/wp-content\/uploads\/2019\/07\/20190707_191020-400x300.jpg 400w, http:\/\/reiseblog.wbeyersdorf.de\/wp-content\/uploads\/2019\/07\/20190707_191020-300x225.jpg 300w, http:\/\/reiseblog.wbeyersdorf.de\/wp-content\/uploads\/2019\/07\/20190707_191020-100x75.jpg 100w\" sizes=\"auto, (max-width: 767px) 89vw, (max-width: 1000px) 54vw, (max-width: 1071px) 543px, 580px\" \/><\/a><\/figure>\n","protected":false},"excerpt":{"rendered":"<p>Der Alpe Adria Radweg f\u00fchrt eigentlich von Salzburg bis nach Grado. Da wir jedoch nicht vor hatten in Grado l\u00e4nger zu bleiben und der organisierte R\u00fccktransport von Grado nach Salzburg nicht gerade billig ist, entschieden wir uns, den Ausflug in Udine zu beenden.<\/p>\n","protected":false},"author":1,"featured_media":159,"comment_status":"open","ping_status":"open","sticky":false,"template":"","format":"standard","meta":{"footnotes":""},"categories":[50,15,8],"tags":[3,5],"class_list":["post-154","post","type-post","status-publish","format-standard","has-post-thumbnail","hentry","category-50","category-alpe-adria-radweg","category-urlaub","tag-alpe-adria-radweg","tag-udine"],"_links":{"self":[{"href":"http:\/\/reiseblog.wbeyersdorf.de\/index.php?rest_route=\/wp\/v2\/posts\/154","targetHints":{"allow":["GET"]}}],"collection":[{"href":"http:\/\/reiseblog.wbeyersdorf.de\/index.php?rest_route=\/wp\/v2\/posts"}],"about":[{"href":"http:\/\/reiseblog.wbeyersdorf.de\/index.php?rest_route=\/wp\/v2\/types\/post"}],"author":[{"embeddable":true,"href":"http:\/\/reiseblog.wbeyersdorf.de\/index.php?rest_route=\/wp\/v2\/users\/1"}],"replies":[{"embeddable":true,"href":"http:\/\/reiseblog.wbeyersdorf.de\/index.php?rest_route=%2Fwp%2Fv2%2Fcomments&post=154"}],"version-history":[{"count":5,"href":"http:\/\/reiseblog.wbeyersdorf.de\/index.php?rest_route=\/wp\/v2\/posts\/154\/revisions"}],"predecessor-version":[{"id":650,"href":"http:\/\/reiseblog.wbeyersdorf.de\/index.php?rest_route=\/wp\/v2\/posts\/154\/revisions\/650"}],"wp:featuredmedia":[{"embeddable":true,"href":"http:\/\/reiseblog.wbeyersdorf.de\/index.php?rest_route=\/wp\/v2\/media\/159"}],"wp:attachment":[{"href":"http:\/\/reiseblog.wbeyersdorf.de\/index.php?rest_route=%2Fwp%2Fv2%2Fmedia&parent=154"}],"wp:term":[{"taxonomy":"category","embeddable":true,"href":"http:\/\/reiseblog.wbeyersdorf.de\/index.php?rest_route=%2Fwp%2Fv2%2Fcategories&post=154"},{"taxonomy":"post_tag","embeddable":true,"href":"http:\/\/reiseblog.wbeyersdorf.de\/index.php?rest_route=%2Fwp%2Fv2%2Ftags&post=154"}],"curies":[{"name":"wp","href":"https:\/\/api.w.org\/{rel}","templated":true}]}}